[{"@context":"https:\/\/schema.org\/","@type":"Article","@id":"https:\/\/www.ligus.cz\/zajima-vas-kde-muzete-stravit-vikend\/#Article","mainEntityOfPage":"https:\/\/www.ligus.cz\/zajima-vas-kde-muzete-stravit-vikend\/","headline":"Zaj\u00edm\u00e1 v\u00e1s, kde m\u016f\u017eete str\u00e1vit v\u00edkend?","name":"Zaj\u00edm\u00e1 v\u00e1s, kde m\u016f\u017eete str\u00e1vit v\u00edkend?","description":"Hled\u00e1te po\u0159\u00e1dn\u00e9 povyra\u017een\u00ed n\u011bkam, kde budete m\u00edt klid? Nechcete b\u00fdt kone\u010dn\u011b ve m\u011bst\u011b, ale chcete si u\u017e\u00edt v\u00edkendu n\u011bkde, kde bude opravdu p\u0159\u00edjemn\u011b? Nebav\u00ed v\u00e1s va\u0161e t\u011b\u017ek\u00e1 pr\u00e1ce, ale chcete si u\u017e\u00edt odpo\u010dinku? Pokud jste odpov\u011bd\u011bli alespo\u0148 jedenkr\u00e1t ano, p\u0159ije\u010fte k n\u00e1m! Na\u0161e v\u00edkendov\u00e9 pobyty se v\u00e1m budou nesm\u00edrn\u011b l\u00edbit, a to z v\u00edce d\u016fvod\u016f. &hellip;","datePublished":"2025-03-08","dateModified":"2025-03-08","author":{"@type":"Person","@id":"https:\/\/www.ligus.cz\/author\/#Person","name":"","url":"https:\/\/www.ligus.cz\/author\/","identifier":1,"image":{"@type":"ImageObject","@id":"https:\/\/secure.gravatar.com\/avatar\/baa231f7e1963b29d6549eb0e137b049d877d4e97c51386f463c7d4fc98329bd?s=96&d=mm&r=g","url":"https:\/\/secure.gravatar.com\/avatar\/baa231f7e1963b29d6549eb0e137b049d877d4e97c51386f463c7d4fc98329bd?s=96&d=mm&r=g","height":96,"width":96}},"publisher":{"@type":"Organization","name":"ligus.cz","logo":{"@type":"ImageObject","@id":"\/logo.png","url":"\/logo.png","width":600,"height":60}},"url":"https:\/\/www.ligus.cz\/zajima-vas-kde-muzete-stravit-vikend\/","wordCount":206,"articleBody":"Hled\u00e1te po\u0159\u00e1dn\u00e9 povyra\u017een\u00ed n\u011bkam, kde budete m\u00edt klid? Nechcete b\u00fdt kone\u010dn\u011b ve m\u011bst\u011b, ale chcete si u\u017e\u00edt v\u00edkendu n\u011bkde, kde bude opravdu p\u0159\u00edjemn\u011b? Nebav\u00ed v\u00e1s va\u0161e t\u011b\u017ek\u00e1 pr\u00e1ce, ale chcete si u\u017e\u00edt odpo\u010dinku? Pokud jste odpov\u011bd\u011bli alespo\u0148 jedenkr\u00e1t ano, p\u0159ije\u010fte k n\u00e1m! Na\u0161e v\u00edkendov\u00e9 pobyty se v\u00e1m budou nesm\u00edrn\u011b l\u00edbit, a to z v\u00edce d\u016fvod\u016f. Zaprv\u00e9 si u\u017eijete odpo\u010dinku, kter\u00fd hled\u00e1te, a za druh\u00e9 budete m\u00edt kone\u010dn\u011b n\u011bco, co jste opravdu cht\u011bli. Pr\u00e1ce nebude podstatn\u00e1 Kdy\u017e si chcete u\u017e\u00edt odpo\u010dinku, mus\u00edte zahodit starosti pry\u010d. V\u011b\u0159te, \u017ee u n\u00e1s se v\u00e1m to poda\u0159\u00ed raz dva, proto\u017ee na\u0161e prostory k tomu vylo\u017een\u011b sv\u00e1d\u00ed. M\u011bjte proto radost z toho, jak lze vyu\u017e\u00edt tento voln\u00fd mimopracovn\u00ed \u010das pro odpo\u010dinek, a u\u017eijte si 2 nebo 3 dny po\u0159\u00e1dn\u00e9ho relaxu, kter\u00fd za\u017eijete pr\u00e1v\u011b u n\u00e1s. Pokud se v\u00e1m nab\u00eddka l\u00edb\u00ed, nen\u00ed proto nic lep\u0161\u00edho, ne\u017e n\u00e1s nav\u0161t\u00edvit.                                                                                                                                                                                                                                                                                                                                                                                        4\/5 - (1 vote)        "},{"@context":"https:\/\/schema.org\/","@type":"BreadcrumbList","itemListElement":[{"@type":"ListItem","position":1,"name":"Zaj\u00edm\u00e1 v\u00e1s, kde m\u016f\u017eete str\u00e1vit v\u00edkend?","item":"https:\/\/www.ligus.cz\/zajima-vas-kde-muzete-stravit-vikend\/#breadcrumbitem"}]}]