[{"@context":"https:\/\/schema.org\/","@type":"Article","@id":"https:\/\/www.ligus.cz\/uklid-spolecnych-prostor-pro-dobro-vsech\/#Article","mainEntityOfPage":"https:\/\/www.ligus.cz\/uklid-spolecnych-prostor-pro-dobro-vsech\/","headline":"\u00daklid spole\u010dn\u00fdch prostor pro dobro v\u0161ech","name":"\u00daklid spole\u010dn\u00fdch prostor pro dobro v\u0161ech","description":"\u00daklid spole\u010dn\u00fdch prostor je o\u017eehav\u00e9 t\u00e9ma poka\u017ed\u00e9, kdykoliv se sejdou majitel\u00e9 bytov\u00fdch jednotek. Pravideln\u00e9 vyt\u00edr\u00e1n\u00ed spole\u010dn\u00fdch prostor, odkl\u00edzen\u00ed sn\u011bnu nebo um\u00fdv\u00e1n\u00ed oken. Jednoduch\u00e9 pracovn\u00ed \u00fakony, kter\u00e9 by obyvatel\u016fm byt\u016f nezabraly v\u00edce ne\u017e p\u00e1r hodin, p\u0159esto se k nim nikdy nikdo nem\u00e1. Spole\u010dn\u00e9 prostory, jak u\u017e z n\u00e1zvu vypl\u00fdv\u00e1, pat\u0159\u00ed v\u0161em, pro\u010d by je tedy m\u011bl &hellip;","datePublished":"2021-02-23","dateModified":"2023-05-15","author":{"@type":"Person","@id":"https:\/\/www.ligus.cz\/author\/#Person","name":"","url":"https:\/\/www.ligus.cz\/author\/","identifier":1,"image":{"@type":"ImageObject","@id":"https:\/\/secure.gravatar.com\/avatar\/baa231f7e1963b29d6549eb0e137b049d877d4e97c51386f463c7d4fc98329bd?s=96&d=mm&r=g","url":"https:\/\/secure.gravatar.com\/avatar\/baa231f7e1963b29d6549eb0e137b049d877d4e97c51386f463c7d4fc98329bd?s=96&d=mm&r=g","height":96,"width":96}},"publisher":{"@type":"Organization","name":"ligus.cz","logo":{"@type":"ImageObject","@id":"\/logo.png","url":"\/logo.png","width":600,"height":60}},"image":{"@type":"ImageObject","@id":"https:\/\/www.ligus.cz\/wp-content\/uploads\/%C5%BEena%20p%C5%99i%20ukl%C3%ADzen%C3%AD.jpg","url":"https:\/\/www.ligus.cz\/wp-content\/uploads\/%C5%BEena%20p%C5%99i%20ukl%C3%ADzen%C3%AD.jpg","height":0,"width":0},"url":"https:\/\/www.ligus.cz\/uklid-spolecnych-prostor-pro-dobro-vsech\/","about":["Slu\u017eby"],"wordCount":404,"articleBody":"      \u00daklid spole\u010dn\u00fdch prostor je o\u017eehav\u00e9 t\u00e9ma poka\u017ed\u00e9, kdykoliv se sejdou majitel\u00e9 bytov\u00fdch jednotek. Pravideln\u00e9 vyt\u00edr\u00e1n\u00ed spole\u010dn\u00fdch prostor, odkl\u00edzen\u00ed sn\u011bnu nebo um\u00fdv\u00e1n\u00ed oken. Jednoduch\u00e9 pracovn\u00ed \u00fakony, kter\u00e9 by obyvatel\u016fm byt\u016f nezabraly v\u00edce ne\u017e p\u00e1r hodin, p\u0159esto se k nim nikdy nikdo nem\u00e1. Spole\u010dn\u00e9 prostory, jak u\u017e z n\u00e1zvu vypl\u00fdv\u00e1, pat\u0159\u00ed v\u0161em, pro\u010d by je tedy m\u011bl ukl\u00edzet pouze jednotlivec. V mnoha bytov\u00fdch domech se tak n\u00e1jemn\u00edci zkr\u00e1tka nemohou dohodnout, kdo tuto bohabojnou \u010dinnost bude pravideln\u011b vykon\u00e1vat. N\u011bkoho nen\u00ed mo\u017en\u00e9 k ukl\u00edzen\u00ed dotla\u010dit ani heverem, jin\u00fd zase striktn\u011b vy\u017eaduje jeho dodr\u017eov\u00e1n\u00ed. Je ov\u0161em pot\u0159eba poznamenat, \u017ee pravideln\u00fd \u00faklid je ned\u00edlnou sou\u010d\u00e1st\u00ed spole\u010dn\u00e9ho sou\u017eit\u00ed a spol\u00e9hat na to, \u017ee se n\u011bkdo postar\u00e1. To znamen\u00e1 v bytov\u00e9m dom\u011b mnohdy neuklizenou chodbu i n\u011bkolik m\u011bs\u00edc\u016f. Spole\u010dn\u00fd prostor by m\u011bl b\u00fdt reprezentativn\u00ed, je to mnohdy to prvn\u00ed, co nov\u00ed p\u0159\u00edchoz\u00ed mohou uvid\u011bt. Jak se tedy postarat o to, aby nebyl spole\u010dn\u00fd prostor zanedb\u00e1v\u00e1n? Je mo\u017en\u00e9 n\u011bkoho k pravideln\u00e9mu \u00faklidu spole\u010dn\u00fdch prostor nutit? Odpov\u011b\u010f mnoh\u00e9 mo\u017en\u00e1 p\u0159ekvap\u00ed, vlastn\u00edky bytov\u00fdch jednotek ov\u0161em rozhodn\u011b ne. \u00daklid spole\u010dn\u00fdch prostor zkr\u00e1tka ze z\u00e1kona na\u0159\u00eddit nelze. Je tedy v\u017edy na samotn\u00fdch vlastn\u00edc\u00edch, jak tolerantn\u00ed budou cht\u00edt b\u00fdt ke sv\u00e9mu okol\u00ed. Pokud se tedy kdokoliv z bytov\u00e9ho domu rozhodne, \u017ee ukl\u00edzet zkr\u00e1tka nebude (v\u010detn\u011b v\u00e1s), nikdo ho do takov\u00e9 \u010dinnosti nem\u016f\u017ee nutit. Je ale na pov\u00e1\u017eenou, jak budou sousedsk\u00e9 vztahy po takov\u00e9m incidentu vypadat. Ten, kdo je odpov\u011bdn\u00fd a tud\u00ed\u017e by se m\u011bl postarat i o \u00faklid spole\u010dn\u00fdch prostor je bytov\u00e9 dru\u017estvo, p\u0159\u00edpadn\u011b spole\u010denstv\u00ed vlastn\u00edk\u016f. V roce 2020 se pom\u011brn\u011b dramaticky zm\u011bnily pravidla pro spole\u010denstv\u00ed vlastn\u00edk\u016f jednotek. Je ale pot\u0159eba p\u0159i zm\u011bn\u011b stanov svj not\u00e1\u0159sk\u00fd z\u00e1pis? Ve v\u011bt\u0161in\u011b p\u0159\u00edpad\u016f ov\u0161em SVJ odhlasuje a n\u00e1sledn\u011b rozd\u011bl\u00ed slu\u017eby po jednotliv\u00fdch bytov\u00fdch jednotk\u00e1ch, kter\u00e9 se pravideln\u011b v ukl\u00edzen\u00ed spole\u010dn\u00fdch prostor st\u0159\u00eddaj\u00ed.                                                                                                                                                                                                                                                                                                                                                                                           4.2\/5 - (8 votes)        "},{"@context":"https:\/\/schema.org\/","@type":"BreadcrumbList","itemListElement":[{"@type":"ListItem","position":1,"name":"\u00daklid spole\u010dn\u00fdch prostor pro dobro v\u0161ech","item":"https:\/\/www.ligus.cz\/uklid-spolecnych-prostor-pro-dobro-vsech\/#breadcrumbitem"}]}]