[{"@context":"https:\/\/schema.org\/","@type":"Article","@id":"https:\/\/www.ligus.cz\/spolecnost-lidi\/#Article","mainEntityOfPage":"https:\/\/www.ligus.cz\/spolecnost-lidi\/","headline":"Spole\u010dnost lid\u00ed","name":"Spole\u010dnost lid\u00ed","description":"Vy jste introverti nebo extroverti? Proto\u017ee pokud jste extroverti, tak to znamen\u00e1, \u017ee m\u00e1te r\u00e1di spole\u010dnost lid\u00ed a j\u00e1 jsem tak\u00e9 extrovert a m\u00e1m r\u00e1da spole\u010dnost lid\u00ed. J\u00e1 si v\u016fbec nedok\u00e1\u017eu p\u0159edstavit, kdybych musela b\u00fdt jenom t\u0159eba izolovan\u00e1 doma a nemohla bych v\u016fbec mezi lidi do n\u011bjak\u00e9 spole\u010dnosti. M\u011b hlavn\u011b bav\u00ed t\u0159eba n\u011bjak\u00e9 diskot\u00e9ky nebo &hellip;","datePublished":"2024-06-30","dateModified":"2024-06-30","author":{"@type":"Person","@id":"https:\/\/www.ligus.cz\/author\/#Person","name":"","url":"https:\/\/www.ligus.cz\/author\/","identifier":1,"image":{"@type":"ImageObject","@id":"https:\/\/secure.gravatar.com\/avatar\/baa231f7e1963b29d6549eb0e137b049d877d4e97c51386f463c7d4fc98329bd?s=96&d=mm&r=g","url":"https:\/\/secure.gravatar.com\/avatar\/baa231f7e1963b29d6549eb0e137b049d877d4e97c51386f463c7d4fc98329bd?s=96&d=mm&r=g","height":96,"width":96}},"publisher":{"@type":"Organization","name":"ligus.cz","logo":{"@type":"ImageObject","@id":"\/logo.png","url":"\/logo.png","width":600,"height":60}},"image":{"@type":"ImageObject","@id":"https:\/\/www.ligus.cz\/wp-content\/uploads\/people-7358064_960_720.jpg","url":"https:\/\/www.ligus.cz\/wp-content\/uploads\/people-7358064_960_720.jpg","height":0,"width":0},"url":"https:\/\/www.ligus.cz\/spolecnost-lidi\/","about":["Spole\u010dnost"],"wordCount":446,"articleBody":"Vy jste introverti nebo extroverti? Proto\u017ee pokud jste extroverti, tak to znamen\u00e1, \u017ee m\u00e1te r\u00e1di spole\u010dnost lid\u00ed a j\u00e1 jsem tak\u00e9 extrovert a m\u00e1m r\u00e1da spole\u010dnost lid\u00ed. J\u00e1 si v\u016fbec nedok\u00e1\u017eu p\u0159edstavit, kdybych musela b\u00fdt jenom t\u0159eba izolovan\u00e1 doma a nemohla bych v\u016fbec mezi lidi do n\u011bjak\u00e9 spole\u010dnosti. M\u011b hlavn\u011b bav\u00ed t\u0159eba n\u011bjak\u00e9 diskot\u00e9ky nebo z\u00e1bavy a tak\u00e9 plesy. Byli jste n\u011bkde na plese? J\u00e1 jsem letos byla na plese u\u017e dvakr\u00e1t, byl toho maturitn\u00ed ve\u010d\u00edrek a moc se mi to tam l\u00edbilo, ale taky bych cht\u011bla \u0159\u00edct, \u017ee jsou i lid\u00e9, kte\u0159\u00ed jsou t\u0159eba introverti. V\u00edte, kdo je to introvert? Introvert je ten, kdo je m\u00e1 r\u00e1d pr\u00e1v\u011b spole\u010dnost lid\u00ed a rad\u011bji je doma s\u00e1m.J\u00e1 osobn\u011b nezn\u00e1m sice \u017e\u00e1dn\u00e9ho introverta, ale mo\u017en\u00e1 kdybych to tak m\u011bla tro\u0161ku p\u0159ibl\u00ed\u017eit, tak nap\u0159\u00edklad moje m\u00e1ma je takov\u00e1, \u017ee by st\u00e1le jenom sed\u011bla doma. Sice nem\u00e1 fobii z lid\u00ed a nen\u00ed tak\u00e9 extrovert. Ale ona nen\u00ed tak ani \u00fapln\u011b introvert, ona se dob\u0159e c\u00edt\u00ed jenom v okol\u00ed rodiny. V takov\u00e9 spole\u010dnosti, koho zn\u00e1 moc dob\u0159e a nerada se seznamuje s ciz\u00edmi a s nov\u00fdmi lidmi. M\u011b tohle ale v\u016fbec nevad\u00ed, proto\u017ee j\u00e1 zase jsem moc r\u00e1da seznamuji a pozn\u00e1v\u00e1m nov\u00e9 lidi, ale ka\u017ed\u00fd \u010dlov\u011bk to m\u00e1 \u00fapln\u011b jinak. Nez\u00e1le\u017e\u00ed na tom, jestli m\u00e1te t\u0159eba vzd\u011bl\u00e1n\u00ed nebo jestli m\u00e1te pen\u00edze a tak podobn\u011b. Z\u00e1le\u017e\u00ed hlavn\u011b na tom, jestli jste introverti nebo extroverti a jestli m\u00e1te r\u00e1di spole\u010dnost.Tak\u00e9 v\u00e1m \u0159\u00edk\u00e1m, \u017ee z\u00e1le\u017e\u00ed na tom t\u0159eba, i kdy\u017e m\u00e1te zam\u011bstn\u00e1n\u00ed, tak jak tam m\u00e1te kolegy, proto\u017ee kdy\u017e tam budete m\u00edt opravdu \u0161patn\u00e9 kolegy, tak to nakonec dopad\u00e1 tak, \u017ee mnoho lid\u00ed ze zam\u011bstn\u00e1n\u00ed odejde, ne\u017e aby se h\u00e1dali se sv\u00fdmi kolegy v zam\u011bstn\u00e1n\u00ed. Tohle \u0159\u00edk\u00e1m, tak je z vlastn\u00ed zku\u0161enosti, proto\u017ee i mn\u011b se tohle u\u017e n\u011bkolikr\u00e1t stalo. A \u0159eknu v\u00e1m, \u017ee kdy\u017e se h\u00e1d\u00e1te s n\u011bk\u00fdm zam\u011bstn\u00e1n\u00ed, kde m\u00e1te \u0161patn\u00e9 vztahy a kde je opravdu \u0161patn\u00e1 spole\u010dnost lid\u00ed, tak je to velice smutn\u00e9 a mnoho lid\u00ed tam v t\u00e9 pr\u00e1ci potom ani nevydr\u017e\u00ed. J\u00e1 sama jsem si \u0159ekla, \u017ee kdyby se to opakovalo, tak ze zam\u011bstn\u00e1n\u00ed zase odejdu.\u00a0                                                                                                                                                                                                                                                                                                                                                                                        5\/5 - (1 vote)        "},{"@context":"https:\/\/schema.org\/","@type":"BreadcrumbList","itemListElement":[{"@type":"ListItem","position":1,"name":"Spole\u010dnost lid\u00ed","item":"https:\/\/www.ligus.cz\/spolecnost-lidi\/#breadcrumbitem"}]}]