[{"@context":"https:\/\/schema.org\/","@type":"Article","@id":"https:\/\/www.ligus.cz\/na-zadne-svatbe-nesmeji-chybet\/#Article","mainEntityOfPage":"https:\/\/www.ligus.cz\/na-zadne-svatbe-nesmeji-chybet\/","headline":"Na \u017e\u00e1dn\u00e9 svatb\u011b nesm\u011bj\u00ed chyb\u011bt","name":"Na \u017e\u00e1dn\u00e9 svatb\u011b nesm\u011bj\u00ed chyb\u011bt","description":"Dru\u017ei\u010dky zauj\u00edmaj\u00ed na svatb\u011b zvl\u00e1\u0161tn\u00ed postaven\u00ed. Nesm\u00ed chyb\u011bt na \u017e\u00e1dn\u00e9 po\u0159\u00e1dn\u00e9 svatb\u011b. Nej\u010dast\u011bji jimi b\u00fdvaj\u00ed d\u011bti. A\u0165 u\u017e d\u011bv\u010d\u00e1tka, kter\u00e1 vypadaj\u00ed v \u0161ati\u010dk\u00e1ch n\u00e1dhern\u011b a skvostn\u011b, nebo chlape\u010dci, kte\u0159\u00ed se vyd\u00e1vaj\u00ed za elegantn\u00ed mlad\u00e9 p\u00e1ny, v\u017edy by se m\u011bli \u00fa\u010dastnit ob\u0159adu. Nesm\u00ed chyb\u011bt na \u017e\u00e1dn\u00e9 svatb\u011b. Jsou d\u016fle\u017eit\u00fdm aspektem cel\u00e9ho dne a maj\u00ed vlastn\u00ed \u00fakoly. &hellip;","datePublished":"2019-02-21","dateModified":"2023-05-15","author":{"@type":"Person","@id":"https:\/\/www.ligus.cz\/author\/#Person","name":"","url":"https:\/\/www.ligus.cz\/author\/","identifier":1,"image":{"@type":"ImageObject","@id":"https:\/\/secure.gravatar.com\/avatar\/baa231f7e1963b29d6549eb0e137b049d877d4e97c51386f463c7d4fc98329bd?s=96&d=mm&r=g","url":"https:\/\/secure.gravatar.com\/avatar\/baa231f7e1963b29d6549eb0e137b049d877d4e97c51386f463c7d4fc98329bd?s=96&d=mm&r=g","height":96,"width":96}},"publisher":{"@type":"Organization","name":"ligus.cz","logo":{"@type":"ImageObject","@id":"\/logo.png","url":"\/logo.png","width":600,"height":60}},"image":{"@type":"ImageObject","@id":"https:\/\/www.ligus.cz\/wp-content\/uploads\/img_a339184_w1734_t1552384800.jpg","url":"https:\/\/www.ligus.cz\/wp-content\/uploads\/img_a339184_w1734_t1552384800.jpg","height":0,"width":0},"url":"https:\/\/www.ligus.cz\/na-zadne-svatbe-nesmeji-chybet\/","about":["N\u00e1kupy"],"wordCount":513,"articleBody":"         Dru\u017ei\u010dky zauj\u00edmaj\u00ed na svatb\u011b zvl\u00e1\u0161tn\u00ed postaven\u00ed. Nesm\u00ed chyb\u011bt na \u017e\u00e1dn\u00e9 po\u0159\u00e1dn\u00e9 svatb\u011b. Nej\u010dast\u011bji jimi b\u00fdvaj\u00ed d\u011bti. A\u0165 u\u017e d\u011bv\u010d\u00e1tka, kter\u00e1 vypadaj\u00ed v \u0161ati\u010dk\u00e1ch n\u00e1dhern\u011b a skvostn\u011b, nebo chlape\u010dci, kte\u0159\u00ed se vyd\u00e1vaj\u00ed za elegantn\u00ed mlad\u00e9 p\u00e1ny, v\u017edy by se m\u011bli \u00fa\u010dastnit ob\u0159adu. Nesm\u00ed chyb\u011bt na \u017e\u00e1dn\u00e9 svatb\u011b. Jsou d\u016fle\u017eit\u00fdm aspektem cel\u00e9ho dne a maj\u00ed vlastn\u00ed \u00fakoly. Nepodce\u0148ujte jejich posl\u00e1n\u00ed. Hraj\u00ed na svatb\u011b d\u016fle\u017eitou \u00falohu.   Nejroztomilej\u0161\u00ed jsou d\u011bti Nem\u016f\u017eeme nic up\u0159\u00edt tomu, kdy\u017e jsou za dru\u017ei\u010dky d\u011bti. Jsou kr\u00e1sn\u00e9, sladk\u00e9 a bo\u017esk\u00e9. Ka\u017ed\u00fd se na n\u011b d\u00edv\u00e1 s \u00fasm\u011bvem a pot\u011b\u0161en\u00edm. Dru\u017ei\u010dky p\u0159edch\u00e1zej\u00ed vstupu do m\u00edstnosti p\u0159ed nev\u011bstou. Je to jejich v\u00fdsostn\u00e9 posl\u00e1n\u00ed, kter\u00e9 si mohou dovolit pouze ony. Do ob\u0159adn\u00ed m\u00edstnosti vstoup\u00ed t\u011bsn\u011b p\u0159ed nev\u011bstou. Mal\u00e9 roztomil\u00e9 hol\u010di\u010dky jsou v \u0161ati\u010dk\u00e1ch roztomil\u00e9 a p\u0159ekr\u00e1sn\u00e9. Aby mohly plnit svou \u00falohu pat\u0159i\u010dn\u00fdm zp\u016fsobem, pot\u0159ebuj\u00ed k tomu samoz\u0159ejm\u011b kr\u00e1sn\u00e9 \u0161aty pro dru\u017ei\u010dky. Cel\u00fd akt m\u00e1 svou tradici  Podle tradic a starod\u00e1vn\u00fdch zvyk\u016f maj\u00ed za \u00fakol odh\u00e1n\u011bt od nev\u011bsty zl\u00e9 duchy. T\u00edmto zp\u016fsobem ji zajist\u00ed nav\u011bky \u0161t\u011bst\u00ed. Dosp\u011bl\u00e1 osoba \u010di mal\u00e1 hol\u010di\u010dka  V\u011bt\u0161inou tuto \u00falohu pln\u00ed mal\u00e1 d\u011bv\u010d\u00e1tka, ov\u0161em m\u016f\u017ee ji plnit i dosp\u011bl\u00fd \u010dlov\u011bk. Velkou roli hraje fakt, zdali budete vyb\u00edrat od\u011bv pro dosp\u011bl\u00e9ho nebo d\u00edt\u011b. Vyb\u00edrat si m\u016f\u017eete ze spole\u010densk\u00fdch nap\u0159\u00edklad plesov\u00fdch od\u011bv\u016f pro dosp\u011bl\u00e9 osoby, nebo z men\u0161\u00edho oble\u010den\u00ed pro drobn\u00e1 d\u00edtka.  Nev\u011bsta si sama vybere, jak bude jejich od\u011bv vypadat. V\u011bt\u0161inou se to p\u0159izp\u016fsobuje zejm\u00e9na nev\u011bst\u011b. Podle jej\u00edho p\u0159\u00e1n\u00ed a pot\u0159eb nebo dle svatebn\u00edch barev si zvol\u00ed, do jak\u00e9ho stylu se cel\u00fd ob\u0159ad bude ladit v\u010detn\u011b pr\u00e1v\u011b oble\u010den\u00ed dan\u00fdch postav, kter\u00e9 hraj\u00ed tuto d\u016fle\u017eitou \u00falohu. Vyb\u00edrejte z r\u016fzn\u00fdch druh\u016f  Sukn\u011b mohou b\u00fdt del\u0161\u00ed i krat\u0161\u00ed. Nab\u00edz\u00ed se volba jednoduch\u00e9 elegance, hladk\u00e9ho a \u00fahledn\u00e9ho \u0161if\u00f3nu nebo jin\u00e9ho p\u0159\u00edjemn\u00e9ho materi\u00e1lu. Mezi luxusn\u00ed se \u0159ad\u00ed kam\u00ednky nebo krajka. Dekolt pos\u00e1zen\u00fd kam\u00ednky upout\u00e1v\u00e1 pozornost. Naopak u mal\u00fdch d\u00edvek je samoz\u0159ejmost\u00ed zdoben\u00ed pr\u00e1v\u011b kam\u00ednky nebo krajkou. Od\u011bv mus\u00ed vypadat elegantn\u011b, ale ka\u017ed\u00e1 \u017eena, d\u00edvka \u010di mal\u00e9 d\u011bv\u010d\u00e1tko se v n\u011bm mus\u00ed c\u00edtit p\u0159\u00edjemn\u011b. Proto m\u016f\u017eete vyb\u00edrat i modely od n\u00e1vrh\u00e1\u0159ky Zoryany Stekhnovych. Profesion\u00e1ln\u00ed n\u00e1vrh\u00e1\u0159ka, kter\u00e1 v\u00e1m dok\u00e1\u017ee modely p\u0159izp\u016fsobit i na p\u0159\u00e1n\u00ed, dle po\u017eadavk\u016f a pot\u0159eb.                                                                                                                                                                                                                                                                                                                                                                                          3.7\/5 - (12 votes)        "},{"@context":"https:\/\/schema.org\/","@type":"BreadcrumbList","itemListElement":[{"@type":"ListItem","position":1,"name":"Na \u017e\u00e1dn\u00e9 svatb\u011b nesm\u011bj\u00ed chyb\u011bt","item":"https:\/\/www.ligus.cz\/na-zadne-svatbe-nesmeji-chybet\/#breadcrumbitem"}]}]