[{"@context":"https:\/\/schema.org\/","@type":"Article","@id":"https:\/\/www.ligus.cz\/bez-radia-to-nepujde\/#Article","mainEntityOfPage":"https:\/\/www.ligus.cz\/bez-radia-to-nepujde\/","headline":"Bez r\u00e1dia to nep\u016fjde","name":"Bez r\u00e1dia to nep\u016fjde","description":"\u017d\u00e1dn\u00fd den nen\u00ed nastartovan\u00fd spr\u00e1vn\u011b, kdy\u017e neposlouch\u00e1te svoje obl\u00edben\u00e9 r\u00e1dio Impuls. R\u00e1dio, kter\u00e9 v\u00e1s od r\u00e1na spr\u00e1vn\u011b nalad\u00ed, p\u0159inese spoustu zaj\u00edmav\u00fdch informac\u00ed a hraje v\u011bt\u0161inou \u010deskou a slovenskou hudbu. Obl\u00edben\u00e9 r\u00e1dio mezi motoristy, informace o d\u011bn\u00ed na cest\u00e1ch z prvn\u00ed ruky. Zn\u00e1m\u00e1 sout\u011b\u017e Hal\u00f3, tady Impulsov\u00ed, kter\u00e1 v\u00e1m ned\u00e1 sp\u00e1t, a ve\u010der ur\u010dit\u011b r\u00e1di usnete &hellip;","datePublished":"2025-02-08","dateModified":"2025-02-08","author":{"@type":"Person","@id":"https:\/\/www.ligus.cz\/author\/#Person","name":"","url":"https:\/\/www.ligus.cz\/author\/","identifier":1,"image":{"@type":"ImageObject","@id":"https:\/\/secure.gravatar.com\/avatar\/baa231f7e1963b29d6549eb0e137b049d877d4e97c51386f463c7d4fc98329bd?s=96&d=mm&r=g","url":"https:\/\/secure.gravatar.com\/avatar\/baa231f7e1963b29d6549eb0e137b049d877d4e97c51386f463c7d4fc98329bd?s=96&d=mm&r=g","height":96,"width":96}},"publisher":{"@type":"Organization","name":"ligus.cz","logo":{"@type":"ImageObject","@id":"\/logo.png","url":"\/logo.png","width":600,"height":60}},"url":"https:\/\/www.ligus.cz\/bez-radia-to-nepujde\/","wordCount":167,"articleBody":"\u017d\u00e1dn\u00fd den nen\u00ed nastartovan\u00fd spr\u00e1vn\u011b, kdy\u017e neposlouch\u00e1te svoje obl\u00edben\u00e9 r\u00e1dio Impuls. R\u00e1dio, kter\u00e9 v\u00e1s od r\u00e1na spr\u00e1vn\u011b nalad\u00ed, p\u0159inese spoustu zaj\u00edmav\u00fdch informac\u00ed a hraje v\u011bt\u0161inou \u010deskou a slovenskou hudbu. Obl\u00edben\u00e9 r\u00e1dio mezi motoristy, informace o d\u011bn\u00ed na cest\u00e1ch z prvn\u00ed ruky. Zn\u00e1m\u00e1 sout\u011b\u017e Hal\u00f3, tady Impulsov\u00ed, kter\u00e1 v\u00e1m ned\u00e1 sp\u00e1t, a ve\u010der ur\u010dit\u011b r\u00e1di usnete taky s va\u0161im obl\u00edben\u00fdm r\u00e1diem. Za\u010dn\u011bte den s r\u00e1diem Ka\u017ed\u00e9 r\u00e1no se mus\u00edte spr\u00e1vn\u011b nastartovat, abyste m\u011bli dobrou n\u00e1ladu a byli \u00fasp\u011b\u0161n\u00ed. Nala\u010fte si proto r\u00e1dio Impuls. Dopravn\u00ed informace na cesty, \u010desk\u00e1 a slovensk\u00e1 muzika, \u010derstv\u00e9 zpr\u00e1vy, profesion\u00e1ln\u00ed t\u00fdm moder\u00e1tor\u016f, po cel\u00fd den zaj\u00edmav\u00e9 po\u0159ady. R\u00e1dio, se kter\u00fdm se spr\u00e1vn\u011b nalad\u00edte nebo si poka\u017eenou n\u00e1ladu zaru\u010den\u011b zlep\u0161\u00edte.                                                                                                                                                                                                                                                                                                                                                                                        5\/5 - (1 vote)        "},{"@context":"https:\/\/schema.org\/","@type":"BreadcrumbList","itemListElement":[{"@type":"ListItem","position":1,"name":"Bez r\u00e1dia to nep\u016fjde","item":"https:\/\/www.ligus.cz\/bez-radia-to-nepujde\/#breadcrumbitem"}]}]