[{"@context":"https:\/\/schema.org\/","@type":"Article","@id":"https:\/\/www.ligus.cz\/aby-se-ta-slava-vydarila\/#Article","mainEntityOfPage":"https:\/\/www.ligus.cz\/aby-se-ta-slava-vydarila\/","headline":"Aby se ta sl\u00e1va vyda\u0159ila","name":"Aby se ta sl\u00e1va vyda\u0159ila","description":"\u010clov\u011bk se zpravidla docela r\u00e1d bav\u00ed, zap\u0161kl\u00fdch morous\u016f nen\u00ed v na\u0161ich \u0159ad\u00e1ch zase tolik, jakkoliv se n\u011bkdy p\u0159i tro\u0161e sm\u016fly m\u016f\u017ee zd\u00e1t, \u017ee je opak pravdou. V\u011bt\u0161ina lid\u00ed se r\u00e1da usm\u00edv\u00e1, r\u00e1da la\u0161kuje, r\u00e1da b\u00fdv\u00e1 mezi sv\u00fdmi bl\u00edzk\u00fdmi.Aaby se lid\u00e9 mohli bavit, vynalezl kdosi kdysi to, \u010demu se \u0159\u00edk\u00e1 dejme tomu oslavy nebo p\u00e1rty.Jedn\u00e1 se &hellip;","datePublished":"2019-01-07","dateModified":"2023-05-15","author":{"@type":"Person","@id":"https:\/\/www.ligus.cz\/author\/#Person","name":"","url":"https:\/\/www.ligus.cz\/author\/","identifier":1,"image":{"@type":"ImageObject","@id":"https:\/\/secure.gravatar.com\/avatar\/baa231f7e1963b29d6549eb0e137b049d877d4e97c51386f463c7d4fc98329bd?s=96&d=mm&r=g","url":"https:\/\/secure.gravatar.com\/avatar\/baa231f7e1963b29d6549eb0e137b049d877d4e97c51386f463c7d4fc98329bd?s=96&d=mm&r=g","height":96,"width":96}},"publisher":{"@type":"Organization","name":"ligus.cz","logo":{"@type":"ImageObject","@id":"\/logo.png","url":"\/logo.png","width":600,"height":60}},"image":{"@type":"ImageObject","@id":"https:\/\/www.ligus.cz\/wp-content\/uploads\/img_a335775_w1966_t1548953384.jpg","url":"https:\/\/www.ligus.cz\/wp-content\/uploads\/img_a335775_w1966_t1548953384.jpg","height":0,"width":0},"url":"https:\/\/www.ligus.cz\/aby-se-ta-slava-vydarila\/","wordCount":557,"articleBody":"\u010clov\u011bk se zpravidla docela r\u00e1d bav\u00ed, zap\u0161kl\u00fdch morous\u016f nen\u00ed v na\u0161ich \u0159ad\u00e1ch zase tolik, jakkoliv se n\u011bkdy p\u0159i tro\u0161e sm\u016fly m\u016f\u017ee zd\u00e1t, \u017ee je opak pravdou. V\u011bt\u0161ina lid\u00ed se r\u00e1da usm\u00edv\u00e1, r\u00e1da la\u0161kuje, r\u00e1da b\u00fdv\u00e1 mezi sv\u00fdmi bl\u00edzk\u00fdmi.Aaby se lid\u00e9 mohli bavit, vynalezl kdosi kdysi to, \u010demu se \u0159\u00edk\u00e1 dejme tomu oslavy nebo p\u00e1rty.Jedn\u00e1 se o akce, na kter\u00fdch se sejdou (pokud se to n\u011bjak nezvrtne) pouze lid\u00e9 v\u00edtan\u00ed a tud\u00ed\u017e zvan\u00ed, lid\u00e9, kte\u0159\u00ed si rozum\u00ed, maj\u00ed n\u011bco spole\u010dn\u00e9ho. Dejme tomu rodinn\u00ed p\u0159\u00edslu\u0161n\u00edci, p\u0159\u00e1tel\u00e9, zn\u00e1m\u00ed, kolegov\u00e9 a podobn\u011b.N\u011bkdy takov\u00e1 akce prob\u00edh\u00e1 u n\u011bkoho doma, ov\u0161em pokud je ta mo\u017enost, nejednou se oslavy p\u0159esouvaj\u00ed i do exteri\u00e9ru, dejme tomu na zahradu. Co\u017e m\u00e1 nejednu nespornou p\u0159ednost. &#8211; Na takov\u00e9 zahrad\u011b je nap\u0159\u00edklad p\u0159\u00edjemn\u011bji ne\u017e mezi f\u00e1dn\u00edmi \u010dty\u0159mi st\u011bnami. &#8211; V l\u016fnu mati\u010dky p\u0159\u00edrody tolik nesejde na tom, poda\u0159\u00ed-li se n\u011bkomu n\u011bco rozsypat \u010di rozl\u00edt, tam se to d\u00e1 daleko sn\u00e1ze \u201euklidit\u201c, respektive nechat na p\u0159\u00edrod\u011b, aby se s t\u00edm vypo\u0159\u00e1dala sama. &#8211; Nikomu tam zase a\u017e tak nevad\u00ed dokonce ani ku\u0159\u00e1ci. &#8211; A z m\u00edrn\u011b \u201eeklhaft\u201c t\u00e9mat \u2013 nemus\u00ed se d\u00edky tomu ani nezbytn\u011b tvo\u0159it fronty p\u0159ed toaletou, proto\u017ee je-li na dosah n\u011bjak\u00e9 to k\u0159ov\u00ed, mohou minim\u00e1ln\u011b p\u00e1nov\u00e9 vy\u0159\u00eddit sv\u00e9 z\u00e1le\u017eitosti i tam.Takov\u00e1 zahradn\u00ed oslava je tedy skv\u011bl\u00e1 v\u011bc. Je to  po\u010d\u00edn\u00e1n\u00ed.To ov\u0161em v\u011bt\u0161inou jenom do chv\u00edle, ne\u017e se pokaz\u00ed po\u010das\u00ed. Proto\u017ee v tu chv\u00edli nejednou mnoz\u00ed lituj\u00ed, \u017ee se nesm\u00ed\u0159ili s oslavou uvnit\u0159 domu. Kde je sucho a kam se tedy honem v\u0161echno p\u0159esouv\u00e1. Aby se ob\u010derstven\u00ed zachr\u00e1nilo p\u0159ed rozblemc\u00e1n\u00edm, aby nebyly kvalitn\u00ed n\u00e1poje \u201ek\u0159t\u011bn\u00e9\u201c de\u0161\u0165ovou vodou, aby nevzaly za sv\u00e9 ubrusy nebo d\u0159ev\u011bn\u00e9 kousky n\u00e1bytku, citliv\u00e9 na vodu.Ov\u0161em k tomu v posledn\u00edm odstavci zm\u00edn\u011bn\u00e9mu doj\u00edt v\u016fbec nemus\u00ed. Pokud si organiz\u00e1to\u0159i podobn\u00e9 akce zav\u010dasu po\u0159\u00edd\u00ed n\u011bkter\u00fd ze stan\u016f ur\u010den\u00fdch pr\u00e1v\u011b na podobn\u00e9 typy akc\u00ed.Kdy\u017e se podobn\u00e9 akce odehr\u00e1vaj\u00ed pod profesion\u00e1ln\u00edmi n\u016f\u017ekov\u00fdmi p\u00e1rty stany, je\u017e mohou poskytovat provizorn\u00ed st\u0159echu nad hlavou a podle pot\u0159eby mohou b\u00fdt opat\u0159eny i l\u00e1tkov\u00fdmi st\u011bnami pro p\u0159\u00edpad v\u011btru, mohou se venku klidn\u011b i \u010derti \u017eenit a slavit se m\u016f\u017ee d\u00e1l. Jako by se nechumelilo, i kdyby se chumelilo.Kvalitn\u00ed a pevn\u00e1 konstrukce z hlin\u00edku, ukotven\u00e1 kotv\u00edc\u00edmi h\u0159eby a pokryt\u00e1 impregnovan\u00fdm materi\u00e1lem z polyesteru v kombinaci s PVC pospojovan\u00fdm such\u00fdmi zipy, prost\u011b dok\u00e1\u017ee u\u010din\u011bn\u00e9 divy. Rychle se rozlo\u017e\u00ed i slo\u017e\u00ed a umo\u017en\u00ed tak perfektn\u00ed oslavy za v\u0161ech okolnost\u00ed.Alze si ho p\u016fj\u010dit i za pouh\u00fdch dev\u011bt stovek na den. Co\u017e je rozhodn\u011b v\u00fdhodn\u011bj\u0161\u00ed ne\u017e zka\u017een\u00e1 z\u00e1bava.                                                                                                                                                                                                                                                                                                                                                                                        4.2\/5 - (8 votes)        "},{"@context":"https:\/\/schema.org\/","@type":"BreadcrumbList","itemListElement":[{"@type":"ListItem","position":1,"name":"Aby se ta sl\u00e1va vyda\u0159ila","item":"https:\/\/www.ligus.cz\/aby-se-ta-slava-vydarila\/#breadcrumbitem"}]}]